{"id":8283,"date":"2009-04-27T10:00:00","date_gmt":"2009-04-27T10:00:00","guid":{"rendered":"http:\/\/dev.parco.gov.ba\/2009\/04\/27\/firme-iz-bih-slovenije-i-njemacke-pravit-ce-tablice\/"},"modified":"2016-07-26T04:05:12","modified_gmt":"2016-07-26T02:05:12","slug":"firme-iz-bih-slovenije-i-njemacke-pravit-ce-tablice","status":"publish","type":"post","link":"https:\/\/parco.gov.ba\/hr\/2009\/04\/27\/firme-iz-bih-slovenije-i-njemacke-pravit-ce-tablice\/","title":{"rendered":"Firme iz BiH, Slovenije i Njema\u010dke pravit \u0107e tablice"},"content":{"rendered":"<p><\/p>\n<p>Agencija za identifikacione dokumente, evidenciju i razmjenu podataka (IDDEEA) BiH za najpovoljnijeg ponu\u0111a\u010da za izradu nepersonaliziranih registarskih tablica i folija za bojenje tablica odabrala je konzorcij firmi iz BiH i Slovenije, ASA &#8211; KIG. Time je okon\u010dana procedura odabira svih kompanija koje \u0107e izra\u0111ivati predmete neophodne za novi sistem registracije vozila.\u00a0\u00a0\u00a0 \u00a0<\/p>\n<p>&#8211; Za tri lota ve\u0107 ranije su odabrani izvo\u0111a\u010di. Za personalizaciju registarskih tablica ugovor je zaklju\u010den s firmom &quot;Tonnjes&quot; iz Njema\u010dke, a za potvrdu o vlasni\u0161tvu vozila i potvrdu o registraciji vozila te stikere, ugovor je zaklju\u010den sa slovenskom firmom &quot;Cetis&quot; &#8211; kazali su nam u IDDEEA-i. \u00a0<\/p>\n<p>U Agenciji nisu htjeli kalkulirati datumom po\u010detka izdavanja novih oznaka. Ka\u017eu, svoj dio posla su zavr\u0161ili, a ostalo je nadle\u017enost Ministarstva prometa i komunikacija BiH. U toj instituciji nismo uspjeli stupiti u kontakt s odgovornima za razgovor o ovoj temi, a kao raniji datumi spominjani su juni ili septembar.<\/p>\n<p><\/p>","protected":false},"excerpt":{"rendered":"<p>Agencija za identifikacione dokumente, evidenciju i razmjenu podataka (IDDEEA) BiH za najpovoljnijeg ponu\u0111a\u010da za izradu nepersonaliziranih registarskih tablica i folija za bojenje tablica odabrala je konzorcij firmi iz BiH i Slovenije, ASA &#8211; KIG. Time je okon\u010dana procedura odabira svih kompanija koje \u0107e izra\u0111ivati predmete neophodne za novi sistem registracije vozila.\u00a0\u00a0\u00a0 \u00a0 &#8211; Za tri [&hellip;]<\/p>\n","protected":false},"author":1,"featured_media":8284,"comment_status":"closed","ping_status":"open","sticky":false,"template":"","format":"standard","meta":[],"categories":[1],"tags":[],"meta_box":[],"_links":{"self":[{"href":"https:\/\/parco.gov.ba\/hr\/wp-json\/wp\/v2\/posts\/8283"}],"collection":[{"href":"https:\/\/parco.gov.ba\/hr\/wp-json\/wp\/v2\/posts"}],"about":[{"href":"https:\/\/parco.gov.ba\/hr\/wp-json\/wp\/v2\/types\/post"}],"author":[{"embeddable":true,"href":"https:\/\/parco.gov.ba\/hr\/wp-json\/wp\/v2\/users\/1"}],"replies":[{"embeddable":true,"href":"https:\/\/parco.gov.ba\/hr\/wp-json\/wp\/v2\/comments?post=8283"}],"version-history":[{"count":1,"href":"https:\/\/parco.gov.ba\/hr\/wp-json\/wp\/v2\/posts\/8283\/revisions"}],"predecessor-version":[{"id":8285,"href":"https:\/\/parco.gov.ba\/hr\/wp-json\/wp\/v2\/posts\/8283\/revisions\/8285"}],"wp:featuredmedia":[{"embeddable":true,"href":"https:\/\/parco.gov.ba\/hr\/wp-json\/wp\/v2\/media\/8284"}],"wp:attachment":[{"href":"https:\/\/parco.gov.ba\/hr\/wp-json\/wp\/v2\/media?parent=8283"}],"wp:term":[{"taxonomy":"category","embeddable":true,"href":"https:\/\/parco.gov.ba\/hr\/wp-json\/wp\/v2\/categories?post=8283"},{"taxonomy":"post_tag","embeddable":true,"href":"https:\/\/parco.gov.ba\/hr\/wp-json\/wp\/v2\/tags?post=8283"}],"curies":[{"name":"wp","href":"https:\/\/api.w.org\/{rel}","templated":true}]}}