{"id":7774,"date":"2009-07-15T10:00:00","date_gmt":"2009-07-15T10:00:00","guid":{"rendered":"http:\/\/dev.parco.gov.ba\/2009\/07\/15\/ek-predlaze-ukidanje-viznog-rezima-za-gradane-zemalja-zapadnog-balkana\/"},"modified":"2016-07-26T04:04:08","modified_gmt":"2016-07-26T02:04:08","slug":"ek-predlaze-ukidanje-viznog-rezima-za-gradane-zemalja-zapadnog-balkana","status":"publish","type":"post","link":"https:\/\/parco.gov.ba\/hr\/2009\/07\/15\/ek-predlaze-ukidanje-viznog-rezima-za-gradane-zemalja-zapadnog-balkana\/","title":{"rendered":"EK predla\u017ee ukidanje viznog re\u017eima za gra\u0111ane zemalja Zapadnog Balkana"},"content":{"rendered":"<p><\/p>\n<p>Dugogodi\u0161nje zalaganje Evropske komisije za bezvizni re\u017eim za stanovnike zemalja Zapadnog Balkana je danas potvr\u0111eno usvajanjem prijedloga kojim se uvodi bezvizni re\u017eim za gra\u0111ane Biv\u0161e Jugoslovenske Republike Makedonije, Crne Gore i Srbije. Dana\u0161nji prijedlog omogu\u0107ava gra\u0111anima ovih zemalja da putuju u zemlje \u0160engena* sa novim biometrijskim paso\u0161ima. Prijedlog Evropske komisije mora usvojiti Vije\u0107e Evropske unije nakon konsultacija sa Evropskim parlamentom. Komisija \u0107e se i dalje zalagati za liberalizaciju viznog re\u017eima za gra\u0111ane Albanije i Bosne i Hercegovine. Me\u0111utim ove zemlje jo\u0161 uvijek nisu ispunile sve uslove da bi bile uvr\u0161tene u dana\u0161nji prijedlog. Ukoliko se odr\u017ei tempo provo\u0111enja reformi, Evropska komisija bi mogla razmotriti novi prijedlog sredinom 2010. godine koji \u0107e uklju\u010diti i ove zemlje, saop\u0107eno je iz Delegacije Evropske komisije u BiH. <\/p>\n<p>Tokom predstavljanja prijedloga Komisije, evropski komesar zadu\u017een za pitanja pravosu\u0111a, sigurnosti i slobode Jacques Barrot je izjavio: \u201cNa\u0161 prijedlog donosi zaista dobre vijesti za gra\u0111ane zemalja Zapadnog Balkana, posebno gra\u0111anima Biv\u0161e Jugoslovenske Republike Makedonije, Crne Gore i Srbije. Znam koliko bezvizni re\u017eim njima zna\u010di. Dana\u0161nji prijedlog je rezultat intenzivnog i napornog rada vlasti i ljudi ovih zemalja kako bi se neophodni uslovi ispunili. \u010cestitam im na ovom postignu\u0107u \u201d.<\/p>\n<p>Evropski komesar za pro\u0161irenje Olli Rehn je dodao \u201cNa\u0161 cilj i na\u0161e \u010dvrsto uvjerenje je da \u0107e Albanija i Bosna i Hercegovina\u00a0 uskoro slijediti ovaj primjer. Mapa puta jo\u0161 uvijek vrijedi i jo\u0161 uvijek se savr\u0161eno mogu ispuniti njeni uslovi ukoliko va\u0161e vlasti u potpunosti ulo\u017ee punu volju u njihovo ispunjenje. Ukoliko se ovaj napredak nastavi istim tempom, vjerujemo da \u0107e obje zemlje uskoro susti\u0107i svoje susjede. Ukoliko se ispune svi uslovi, Evropska komisija bi mogla razmotriti novi prijedlog do sredine 2010. godine koji bi uklju\u010divao i ove zemlje.<\/p>\n<p>Omogu\u0107avanje putovanja bez viza je kamen temeljac politike integracije Evropske unije za gra\u0111ane Zapadnog Balkana. Omogu\u0107avanje li\u010dnog kontakta me\u0111u ljudima pobolj\u0161ava poslovne mogu\u0107nosti i omogu\u0107ava ljudima iz regije da bolje upoznaju Evropsku uniju. Me\u0111utim, ukidanje viznog re\u017eima je mogu\u0107e samo ukoliko se ispune svi sigurnosni uslovi. Zbog toga je Evropska komisija pokrenula dijalog o liberalizaciji viznog re\u017eima sa zemljama Zapadnog Balkana. Na osnovu Mapa puta koje je Evropska komisija predstavila, sve zemlje su napravile va\u017ean napredak u pobolj\u0161anju sigurnosti paso\u0161a, ja\u010danju kontrole granica, ja\u010danju institucionalnog okvira za borbu protiv organizovanog kriminala i korupcije, kao pobolj\u0161anju vanjskih odnosa i temeljnih prava.<\/p>\n<p>Evropska komisija je pa\u017eljivo pratila njihovu pripremu. Uslovi su isti za sve zemlje. Biv\u0161a Jugoslovenska Republika Makedonija je ispunila neophodne uslove. Za Srbiju i Crnu Goru \u0107e uvo\u0111enje bezviznog re\u017eima zavisiti od ispunjenja preostalih otvorenih pitanja iz njihovih Mapa puta do datuma usvajanja ovog prijedloga od strane Vije\u0107a Evropske unije. Albanija i Bosna i Hercegovina moraju nastaviti zalaganje kako bi od Evropske komisije dobile pozitivnu preporuku.<\/p>\n<p>U Albaniji i Bosni i Hercegovini, nedostaci su prisutni institucionalnom okviru za borbu protiv organizovanog kriminala i korupcije, kao i u rje\u0161avanju pitanja slabosti u procedi za izdavanje paso\u0161a i u oblasti upravljanja granicom i migracijama.<\/p>\n<p>Stanovnici Kosova (pod Rezolucijom Vije\u0107a sigurnosti UNa broj 1244\/99) tako\u0111e ne\u0107e dobiti bezvizni re\u017eim. Na teritoriji Kosova jo\u0161 uvijek nisu ispunjeni tehni\u010dki uslovi\u00a0 za uvo\u0111enje bezviznog re\u017eima. Evropska komisija \u0107e u tom pogledu nastaviti sa bliskom saradnjom sa srbijanskim i vlastima na Kosovu kako bi istra\u017eili opcije za rje\u0161avanje pitanja viza u budu\u0107nosti.<\/p>\n<p>&nbsp;<\/p>\n<p><\/p>","protected":false},"excerpt":{"rendered":"<p>Dugogodi\u0161nje zalaganje Evropske komisije za bezvizni re\u017eim za stanovnike zemalja Zapadnog Balkana je danas potvr\u0111eno usvajanjem prijedloga kojim se uvodi bezvizni re\u017eim za gra\u0111ane Biv\u0161e Jugoslovenske Republike Makedonije, Crne Gore i Srbije. Dana\u0161nji prijedlog omogu\u0107ava gra\u0111anima ovih zemalja da putuju u zemlje \u0160engena* sa novim biometrijskim paso\u0161ima. Prijedlog Evropske komisije mora usvojiti Vije\u0107e Evropske unije [&hellip;]<\/p>\n","protected":false},"author":1,"featured_media":7775,"comment_status":"closed","ping_status":"open","sticky":false,"template":"","format":"standard","meta":[],"categories":[6],"tags":[],"meta_box":[],"_links":{"self":[{"href":"https:\/\/parco.gov.ba\/hr\/wp-json\/wp\/v2\/posts\/7774"}],"collection":[{"href":"https:\/\/parco.gov.ba\/hr\/wp-json\/wp\/v2\/posts"}],"about":[{"href":"https:\/\/parco.gov.ba\/hr\/wp-json\/wp\/v2\/types\/post"}],"author":[{"embeddable":true,"href":"https:\/\/parco.gov.ba\/hr\/wp-json\/wp\/v2\/users\/1"}],"replies":[{"embeddable":true,"href":"https:\/\/parco.gov.ba\/hr\/wp-json\/wp\/v2\/comments?post=7774"}],"version-history":[{"count":1,"href":"https:\/\/parco.gov.ba\/hr\/wp-json\/wp\/v2\/posts\/7774\/revisions"}],"predecessor-version":[{"id":7776,"href":"https:\/\/parco.gov.ba\/hr\/wp-json\/wp\/v2\/posts\/7774\/revisions\/7776"}],"wp:featuredmedia":[{"embeddable":true,"href":"https:\/\/parco.gov.ba\/hr\/wp-json\/wp\/v2\/media\/7775"}],"wp:attachment":[{"href":"https:\/\/parco.gov.ba\/hr\/wp-json\/wp\/v2\/media?parent=7774"}],"wp:term":[{"taxonomy":"category","embeddable":true,"href":"https:\/\/parco.gov.ba\/hr\/wp-json\/wp\/v2\/categories?post=7774"},{"taxonomy":"post_tag","embeddable":true,"href":"https:\/\/parco.gov.ba\/hr\/wp-json\/wp\/v2\/tags?post=7774"}],"curies":[{"name":"wp","href":"https:\/\/api.w.org\/{rel}","templated":true}]}}