{"id":6930,"date":"2009-10-20T10:00:00","date_gmt":"2009-10-20T10:00:00","guid":{"rendered":"http:\/\/dev.parco.gov.ba\/2009\/10\/20\/izdati-prvi-biometrijski-pasosi\/"},"modified":"2016-07-26T04:02:44","modified_gmt":"2016-07-26T02:02:44","slug":"izdati-prvi-biometrijski-pasosi","status":"publish","type":"post","link":"https:\/\/parco.gov.ba\/hr\/2009\/10\/20\/izdati-prvi-biometrijski-pasosi\/","title":{"rendered":"Izdati prvi biometrijski paso\u0161i"},"content":{"rendered":"<p><\/p>\n<p><strong>Nezavisne novine:<\/strong> U BiH je ju\u010de izdato prvih 427 biometrijskih paso\u0161a i predato vi\u0161e od 2.000 zahtjeva, rekao je ju\u010de Sini\u0161a Macan, direktor, Agencije za identifikaciona dokumenta (IDDEEA).   <\/p>\n<p>On je dodao da \u0107e svi gra\u0111ani koji su od \u010detvrtka predali zahtjev u toku ove ili naredne sedmice dobiti biometrijski paso\u0161 i pojasnio da je osnovna razlika novih u odnosu na stare paso\u0161e u tome \u0161to je bezbjednost znatno ve\u0107a, a mogu\u0107nost zloupotreba svedena je na minimum.  <\/p>\n<p>Sredoje Novi\u0107, ministar civilnih poslova BiH, rekao je da je bilo mnogo opstrukcija u BiH u uvo\u0111enju biometrijskih paso\u0161a i pozvao entitetske parlamente da hitno usvoje zakon o elektronskom vo\u0111enju mati\u010dnih knjiga. <\/p>\n<p>&quot;Svaki izgovor da to ne bude ura\u0111eno je udar i atak na izdavanje i sigurnost biometrijskih paso\u0161a, a mo\u017ee uticati i na odgovor Ekspertske komisije EU koja \u0107e dati procjenu o liberalizaciji viznog re\u017eima sa BiH&quot;, upozorio je Novi\u0107.  <\/p>\n<p>Nikola \u0160piri\u0107, predsjedavaju\u0107i Savjeta ministara BiH, rekao je da ne treba zaboraviti nesporazume koji su bili prepreka uvo\u0111enju biometrijskih paso\u0161a, ali da u narednom periodu treba promovisati taj uspjeh kako bi i izvje\u0161taj Evropske komisije (EK) bio pozitivan.  <\/p>\n<p>&quot;Ovo je bitan dan za sve gra\u0111ane BiH i izdavanje biometrijskih paso\u0161a bio je jedan od najva\u017enijih uslova za gra\u0111ane BiH. Ja se nadam da \u0107e EK da primijeti uspjeh ove zemlje, a moj cilj i cilj mog kabineta je da u\u010dinimo sve da gra\u0111ani BiH do\u0111u na bijeli \u0161engen&quot;, rekao je \u0160piri\u0107.  <\/p>\n<p>Novi\u0107 je rekao da je u sistem uvezano 160 institucija na 320 lokacija, te da je BiH uspjela uvesti nove paso\u0161e za rekordno kratko vrijeme.  <\/p>\n<p>Mustafa Mujezinovi\u0107, premijer FBiH, rekao je da je ovo jedan od najva\u017enijih koraka ka liberalizaciji viznog re\u017eima.  <\/p>\n<p>&quot;Liberalizacija \u0107e najvi\u0161e zna\u010diti privredi i poslovnim ljudima, jer mi se \u010dini da oni najvi\u0161e pate zbog viza. Jeste te\u0161ko svima, ali mnogi privrednici odustaju od poslovnih putovanja zbog procedura koje danas moraju pro\u0107i&quot;, rekao je on.  <\/p>\n<p>Novi\u0107 je ju\u010de \u0160piri\u0107u i Mujezinovi\u0107u uru\u010dio specimene, odnosno simboli\u010dne primjerke biometrijskih paso\u0161a, bez pravne va\u017enosti.  <\/p>\n<p>Specimene \u0107e dobiti i premijer RS Milorad Dodik, komesar za pro\u0161irenje EU Oli Ren, te \u0161ef Delegacije Evropske komisije u BiH Dimitris Kurkulas i visoki predstavnik u BiH Valentin Incko.  <\/p>\n<p>Macan je napomenuo da \u0107e cijena novih putnih isprava biti 40 maraka i da su oni koji su u proteklih nekoliko dana zaustavljali izdavanja paso\u0161a to radili na svoju ruku.  <\/p>\n<p>&quot;Nije bilo nikakvih razloga da to bude obustavljeno. Svako ko je to radio on to nije radio na osnovu bilo kog akta, nego samovoljno na osnovu svojih odluka&quot;, rekao je Macan. On je pojasnio da je rok za uvo\u0111enje biometrijskih paso\u0161a bio kraj godine, te da je za tada bilo predvi\u0111eno i usvajanje svih podzakonskih akata. <\/p>\n<p><\/p>","protected":false},"excerpt":{"rendered":"<p>Nezavisne novine: U BiH je ju\u010de izdato prvih 427 biometrijskih paso\u0161a i predato vi\u0161e od 2.000 zahtjeva, rekao je ju\u010de Sini\u0161a Macan, direktor, Agencije za identifikaciona dokumenta (IDDEEA). On je dodao da \u0107e svi gra\u0111ani koji su od \u010detvrtka predali zahtjev u toku ove ili naredne sedmice dobiti biometrijski paso\u0161 i pojasnio da je osnovna [&hellip;]<\/p>\n","protected":false},"author":1,"featured_media":6931,"comment_status":"closed","ping_status":"open","sticky":false,"template":"","format":"standard","meta":[],"categories":[1],"tags":[],"meta_box":[],"_links":{"self":[{"href":"https:\/\/parco.gov.ba\/hr\/wp-json\/wp\/v2\/posts\/6930"}],"collection":[{"href":"https:\/\/parco.gov.ba\/hr\/wp-json\/wp\/v2\/posts"}],"about":[{"href":"https:\/\/parco.gov.ba\/hr\/wp-json\/wp\/v2\/types\/post"}],"author":[{"embeddable":true,"href":"https:\/\/parco.gov.ba\/hr\/wp-json\/wp\/v2\/users\/1"}],"replies":[{"embeddable":true,"href":"https:\/\/parco.gov.ba\/hr\/wp-json\/wp\/v2\/comments?post=6930"}],"version-history":[{"count":1,"href":"https:\/\/parco.gov.ba\/hr\/wp-json\/wp\/v2\/posts\/6930\/revisions"}],"predecessor-version":[{"id":6932,"href":"https:\/\/parco.gov.ba\/hr\/wp-json\/wp\/v2\/posts\/6930\/revisions\/6932"}],"wp:featuredmedia":[{"embeddable":true,"href":"https:\/\/parco.gov.ba\/hr\/wp-json\/wp\/v2\/media\/6931"}],"wp:attachment":[{"href":"https:\/\/parco.gov.ba\/hr\/wp-json\/wp\/v2\/media?parent=6930"}],"wp:term":[{"taxonomy":"category","embeddable":true,"href":"https:\/\/parco.gov.ba\/hr\/wp-json\/wp\/v2\/categories?post=6930"},{"taxonomy":"post_tag","embeddable":true,"href":"https:\/\/parco.gov.ba\/hr\/wp-json\/wp\/v2\/tags?post=6930"}],"curies":[{"name":"wp","href":"https:\/\/api.w.org\/{rel}","templated":true}]}}