{"id":6797,"date":"2009-11-04T10:00:00","date_gmt":"2009-11-04T10:00:00","guid":{"rendered":"http:\/\/dev.parco.gov.ba\/2009\/11\/04\/vaclav-klaus-potpisao-lisabonski-ugovor\/"},"modified":"2016-07-26T04:02:31","modified_gmt":"2016-07-26T02:02:31","slug":"vaclav-klaus-potpisao-lisabonski-ugovor","status":"publish","type":"post","link":"https:\/\/parco.gov.ba\/hr\/2009\/11\/04\/vaclav-klaus-potpisao-lisabonski-ugovor\/","title":{"rendered":"Vaclav Klaus potpisao Lisabonski ugovor"},"content":{"rendered":"<p><strong>Dnevni avaz: <\/strong>\u010ce\u0161ki predsjednik Vaclav Klaus potpisao je u utorak Lisabonski ugovor, \u010dime na snagu stupa plan EU za reviziju svojih institucija i sticanje ve\u0107e uloge na svjetskoj sceni. <\/p>\n<p>&#8211; Potpisao sam Lisabonski ugovor danas u 15 sati, rekao je Klaus. <\/p>\n<p>On je posljednji lider zemalja EU koji je ratifikovao sporazum a njegov potpis, nakon \u0161to je \u010de\u0161ki Ustavni sud odbacio \u017ealbu na taj dokument, zna\u010di da \u0107e blok koji ima 27 \u010dlanica i skoro pola milijarde stanovnika dobiti prvog predsjednika i uticajnijeg stranog predstavnika, prenosi Reuters. <\/p>\n<p>Neposredno prije nego \u0161to je \u010de\u0161ki predsjednik stavio potpis na Ugovor predsjednik Evropske komisije Jose Manuel Barroso izjavio je za bi Lisabonski ugovor mogao da stupi na snagu najranije u decembru ili januaru. <\/p>\n<p>&#8211; Ovaj put je bio maraton pun prepreka, ali posljednja prepreka je sada otklonjena, rekao je Barroso u intervjuu za televiziju Reuters. <\/p>\n<p>Klaus po zakonu nije mogao da potpi\u0161e Lisabonski ugovor dok sud ne donese presudu o \u017ealbi koju su ulo\u017eili njegovi saveznici iz gornjeg doma parlamenta, Senata, tvrde\u0107i da \u0107e ugovor naru\u0161iti suverenitet \u010de\u0161ke dr\u017eave. <\/p>\n<p>Klaus je od samog po\u010detka bio protiv Lisabonskog ugovora zbog toga \u0161to je smatrao da bi njime EU bila pretvorena u naddr\u017eavu s vrlo malo demokratske kontrole. <\/p>\n<p>Po\u0161to su lideri EU pro\u0161le nedjelje pristali da \u010ce\u0161ka bude izuzeta iz Povelje o osnovim pravima, sadr\u017eane u Lisabonskom ugovoru, Klaus je kazao da se vi\u0161e ne\u0107e protiviti potpisivanju. <br \/><\/p>","protected":false},"excerpt":{"rendered":"<p>Dnevni avaz: \u010ce\u0161ki predsjednik Vaclav Klaus potpisao je u utorak Lisabonski ugovor, \u010dime na snagu stupa plan EU za reviziju svojih institucija i sticanje ve\u0107e uloge na svjetskoj sceni. &#8211; Potpisao sam Lisabonski ugovor danas u 15 sati, rekao je Klaus. On je posljednji lider zemalja EU koji je ratifikovao sporazum a njegov potpis, nakon [&hellip;]<\/p>\n","protected":false},"author":1,"featured_media":6798,"comment_status":"closed","ping_status":"open","sticky":false,"template":"","format":"standard","meta":[],"categories":[1],"tags":[],"meta_box":[],"_links":{"self":[{"href":"https:\/\/parco.gov.ba\/hr\/wp-json\/wp\/v2\/posts\/6797"}],"collection":[{"href":"https:\/\/parco.gov.ba\/hr\/wp-json\/wp\/v2\/posts"}],"about":[{"href":"https:\/\/parco.gov.ba\/hr\/wp-json\/wp\/v2\/types\/post"}],"author":[{"embeddable":true,"href":"https:\/\/parco.gov.ba\/hr\/wp-json\/wp\/v2\/users\/1"}],"replies":[{"embeddable":true,"href":"https:\/\/parco.gov.ba\/hr\/wp-json\/wp\/v2\/comments?post=6797"}],"version-history":[{"count":1,"href":"https:\/\/parco.gov.ba\/hr\/wp-json\/wp\/v2\/posts\/6797\/revisions"}],"predecessor-version":[{"id":6799,"href":"https:\/\/parco.gov.ba\/hr\/wp-json\/wp\/v2\/posts\/6797\/revisions\/6799"}],"wp:featuredmedia":[{"embeddable":true,"href":"https:\/\/parco.gov.ba\/hr\/wp-json\/wp\/v2\/media\/6798"}],"wp:attachment":[{"href":"https:\/\/parco.gov.ba\/hr\/wp-json\/wp\/v2\/media?parent=6797"}],"wp:term":[{"taxonomy":"category","embeddable":true,"href":"https:\/\/parco.gov.ba\/hr\/wp-json\/wp\/v2\/categories?post=6797"},{"taxonomy":"post_tag","embeddable":true,"href":"https:\/\/parco.gov.ba\/hr\/wp-json\/wp\/v2\/tags?post=6797"}],"curies":[{"name":"wp","href":"https:\/\/api.w.org\/{rel}","templated":true}]}}