{"id":2740,"date":"2014-04-07T10:00:00","date_gmt":"2014-04-07T10:00:00","guid":{"rendered":"http:\/\/dev.parco.gov.ba\/2014\/04\/07\/obavjestenje-o-nabavci-2\/"},"modified":"2016-07-26T03:58:25","modified_gmt":"2016-07-26T01:58:25","slug":"obavjestenje-o-nabavci-2","status":"publish","type":"post","link":"https:\/\/parco.gov.ba\/hr\/2014\/04\/07\/obavjestenje-o-nabavci-2\/","title":{"rendered":"Obavje\u0161tenje o nabavci"},"content":{"rendered":"<p><\/p>\n<p>Ured koordinatora za reformu javne uprave pri Kabinetu predsjedavaju\u0107eg Vije\u0107a ministara BiH objavljuje Obavje\u0161tenje o nabavci sa me\u0111unarodnom objavom za projekat \u201eUspostavljanje i\/ili ja\u010danje kapaciteta institucije\/a za kontrolu propisa i uspostavljanje sistema redukcije administrativnih prepreka\u201c.<\/p>\n<p>O svim detaljima Obavje\u0161tenja o nabavci mo\u017eete se informisati <a href=\"http:\/\/parco.gov.ba\/\/?post_type=post&#038;p=2742\">ovdje<\/a>.<\/p>\n<p><\/p>","protected":false},"excerpt":{"rendered":"<p>Ured koordinatora za reformu javne uprave pri Kabinetu predsjedavaju\u0107eg Vije\u0107a ministara BiH objavljuje Obavje\u0161tenje o nabavci sa me\u0111unarodnom objavom za projekat \u201eUspostavljanje i\/ili ja\u010danje kapaciteta institucije\/a za kontrolu propisa i uspostavljanje sistema redukcije administrativnih prepreka\u201c. O svim detaljima Obavje\u0161tenja o nabavci mo\u017eete se informisati ovdje.<\/p>\n","protected":false},"author":1,"featured_media":2741,"comment_status":"closed","ping_status":"open","sticky":false,"template":"","format":"standard","meta":[],"categories":[6],"tags":[],"meta_box":[],"_links":{"self":[{"href":"https:\/\/parco.gov.ba\/hr\/wp-json\/wp\/v2\/posts\/2740"}],"collection":[{"href":"https:\/\/parco.gov.ba\/hr\/wp-json\/wp\/v2\/posts"}],"about":[{"href":"https:\/\/parco.gov.ba\/hr\/wp-json\/wp\/v2\/types\/post"}],"author":[{"embeddable":true,"href":"https:\/\/parco.gov.ba\/hr\/wp-json\/wp\/v2\/users\/1"}],"replies":[{"embeddable":true,"href":"https:\/\/parco.gov.ba\/hr\/wp-json\/wp\/v2\/comments?post=2740"}],"version-history":[{"count":1,"href":"https:\/\/parco.gov.ba\/hr\/wp-json\/wp\/v2\/posts\/2740\/revisions"}],"predecessor-version":[{"id":2745,"href":"https:\/\/parco.gov.ba\/hr\/wp-json\/wp\/v2\/posts\/2740\/revisions\/2745"}],"wp:featuredmedia":[{"embeddable":true,"href":"https:\/\/parco.gov.ba\/hr\/wp-json\/wp\/v2\/media\/2741"}],"wp:attachment":[{"href":"https:\/\/parco.gov.ba\/hr\/wp-json\/wp\/v2\/media?parent=2740"}],"wp:term":[{"taxonomy":"category","embeddable":true,"href":"https:\/\/parco.gov.ba\/hr\/wp-json\/wp\/v2\/categories?post=2740"},{"taxonomy":"post_tag","embeddable":true,"href":"https:\/\/parco.gov.ba\/hr\/wp-json\/wp\/v2\/tags?post=2740"}],"curies":[{"name":"wp","href":"https:\/\/api.w.org\/{rel}","templated":true}]}}