{"id":2449,"date":"2014-12-18T10:00:00","date_gmt":"2014-12-18T10:00:00","guid":{"rendered":"http:\/\/dev.parco.gov.ba\/2014\/12\/18\/danska-donator-u-projektima-reforme-javne-uprave\/"},"modified":"2016-07-26T03:58:05","modified_gmt":"2016-07-26T01:58:05","slug":"danska-donator-u-projektima-reforme-javne-uprave","status":"publish","type":"post","link":"https:\/\/parco.gov.ba\/hr\/2014\/12\/18\/danska-donator-u-projektima-reforme-javne-uprave\/","title":{"rendered":"Danska donator u projektima reforme javne uprave"},"content":{"rendered":"<p><\/p>\n<p>Na danas odr\u017eanoj sjednici Vije\u0107a ministara BiH, utvr\u0111en je Prijedlog aneksa V Memoranduma o razumijevanju izme\u0111u Odjela za me\u0111unarodni razvoj, kojeg predstavlja Ambasada Ujedinjenog Kraljevstva u BiH i \u0160vedske agencije za me\u0111unarodni razvoj i suradnju, koju predstavlja Ambasada \u0160vedske u BiH i Ministarstva za razvoj i suradnju Nizozemske, koje predstavlja Ambasada Kraljevine Nizozemske u BiH i Delegacije Europske unije u BiH (donatori) i Vije\u0107a ministara BiH, Vlade Federacije BiH, Vlade Republike Srpske, Vlade Br\u010dko Distrikta BiH koje predstavljaju premijeri i Ministarstva financija i trezora BiH za uspostavu Fonda za reformu javne uprave,\u00a0 s osnovama za njegovo zaklju\u010denje. \u00a0<\/p>\n<p>Potpisivanjem ovog memoranduma omogu\u0107ava se daljnje sudjelovanje novog donatora, a to je Vlada Danske, u projektima reforme javne uprave u BiH. Tako \u0107e dansko Ministarstvo vanjskih poslova za provo\u0111enje odobrenih i novih projekta u 2015. i 2016. godini uplatiti ukupno dva miliona eura, po milion eura na godi\u0161njem nivou. \u00a0<\/p>\n<p>Ured koordinatora za reformu javne uprave dostavit \u0107e prijedlog aneksa V Predsjedni\u0161tvu BiH, a za potpisnika je predlo\u017een predsjedavaju\u0107i Vije\u0107a ministara BiH. <\/p>\n<p><\/p>","protected":false},"excerpt":{"rendered":"<p>Na danas odr\u017eanoj sjednici Vije\u0107a ministara BiH, utvr\u0111en je Prijedlog aneksa V Memoranduma o razumijevanju izme\u0111u Odjela za me\u0111unarodni razvoj, kojeg predstavlja Ambasada Ujedinjenog Kraljevstva u BiH i \u0160vedske agencije za me\u0111unarodni razvoj i suradnju, koju predstavlja Ambasada \u0160vedske u BiH i Ministarstva za razvoj i suradnju Nizozemske, koje predstavlja Ambasada Kraljevine Nizozemske u BiH [&hellip;]<\/p>\n","protected":false},"author":1,"featured_media":2450,"comment_status":"closed","ping_status":"open","sticky":false,"template":"","format":"standard","meta":[],"categories":[6],"tags":[],"meta_box":[],"_links":{"self":[{"href":"https:\/\/parco.gov.ba\/hr\/wp-json\/wp\/v2\/posts\/2449"}],"collection":[{"href":"https:\/\/parco.gov.ba\/hr\/wp-json\/wp\/v2\/posts"}],"about":[{"href":"https:\/\/parco.gov.ba\/hr\/wp-json\/wp\/v2\/types\/post"}],"author":[{"embeddable":true,"href":"https:\/\/parco.gov.ba\/hr\/wp-json\/wp\/v2\/users\/1"}],"replies":[{"embeddable":true,"href":"https:\/\/parco.gov.ba\/hr\/wp-json\/wp\/v2\/comments?post=2449"}],"version-history":[{"count":1,"href":"https:\/\/parco.gov.ba\/hr\/wp-json\/wp\/v2\/posts\/2449\/revisions"}],"predecessor-version":[{"id":2451,"href":"https:\/\/parco.gov.ba\/hr\/wp-json\/wp\/v2\/posts\/2449\/revisions\/2451"}],"wp:featuredmedia":[{"embeddable":true,"href":"https:\/\/parco.gov.ba\/hr\/wp-json\/wp\/v2\/media\/2450"}],"wp:attachment":[{"href":"https:\/\/parco.gov.ba\/hr\/wp-json\/wp\/v2\/media?parent=2449"}],"wp:term":[{"taxonomy":"category","embeddable":true,"href":"https:\/\/parco.gov.ba\/hr\/wp-json\/wp\/v2\/categories?post=2449"},{"taxonomy":"post_tag","embeddable":true,"href":"https:\/\/parco.gov.ba\/hr\/wp-json\/wp\/v2\/tags?post=2449"}],"curies":[{"name":"wp","href":"https:\/\/api.w.org\/{rel}","templated":true}]}}