{"id":19788,"date":"2021-05-12T15:10:34","date_gmt":"2021-05-12T13:10:34","guid":{"rendered":"https:\/\/parco.gov.ba\/?p=19788"},"modified":"2021-05-12T15:10:34","modified_gmt":"2021-05-12T13:10:34","slug":"u-opcoj-bolnici-prijavljivanje-novorodencadi-elektronskim-putem","status":"publish","type":"post","link":"https:\/\/parco.gov.ba\/hr\/2021\/05\/12\/u-opcoj-bolnici-prijavljivanje-novorodencadi-elektronskim-putem\/","title":{"rendered":"U Op\u0107oj bolnici prijavljivanje novoro\u0111en\u010dadi elektronskim putem"},"content":{"rendered":"<p>Koordinator za reformu javne uprave u BiH Dragan \u0106uzulan, direktor Op\u0107e bolnice &#8221;Prim. dr. Abdulah Naka\u0161&#8221; Ismet Gavrankapetanovi\u0107 i na\u010delnik Op\u0107ine Centar Sr\u0111an Mandi\u0107 potpisali su danas Memorandum o suradnji u svrhu realizacije projekta kojim se budu\u0107im roditeljima treba olak\u0161ati prijava beba bez odlaska u mati\u010dne urede.<\/p>\n<p>\u201cCijela procedura obavlja se tako \u0161to se mati\u010dni ured izmje\u0161ta iz Op\u0107ine Centar. Mati\u010dar ima svoj ured u porodili\u0161tu Op\u0107e bolnice. Nakon ro\u0111enja djeteta, roditelji mogu odmah izvr\u0161iti prijavu\u201d, rekao je koordinator za reformu javne uprave u BiH \u0106uzulan.<\/p>\n<p>Projekt je u po\u010detnoj fazi kada se treba pokazati upotrebljivost sustava i kada \u0107e porodiljama biti omogu\u0107eno da u uredu u Op\u0107oj bolnici prijave dijete.<\/p>\n<p>\u201cU toj testnoj fazi vidjet \u0107emo s kojim problemima \u0107emo se suo\u010diti. Zato treba iskazati dobru namjeru, jer jo\u0161 uvijek ima nepoznanica. Naime, nemamo elektronski potpis da bismo smo imali potpuno zatvoren sustav. Nadam se da \u0107emo izvr\u0161iti dodatno pritisak na sve institucije pa i zakonodavne, koje trebaju rije\u0161iti pitanje elektronskog potpisa\u201d, dodao je \u0106uzulan.<\/p>\n<p>O ovom va\u017enom koraku u reformi javne uprave direktor Op\u0107e bolnice Ismet Gavrankapetanovi\u0107 ka\u017ee da je cilj ljudima olaka\u0161ti proceduru prijave djeteta.<\/p>\n<p>\u201cUred \u0107e biti pod direktnom ingerencijom Op\u0107ine Centar i Op\u0107e bolnice, neki bratski odnos. Mi smo osigurali potreban prostor, te se zahvaljujem na\u010delniku Op\u0107ine i cijelom Op\u0107inskom vije\u0107u\u201d, poru\u010dio je Gavrankapetanovi\u0107.<\/p>\n<p>Na prostoru Federacije BiH ovo je prvi put da \u0107e se na ovaj na\u010din elektronskim putem prijavljivati novoro\u0111en\u010dad. Zbog toga se u narednom razdoblju projekt planira pro\u0161iriti i na druge gradske op\u0107ine pored Centra.<\/p>\n<p>\u201cSutra kada dobijete dijete nema vi\u0161e one komplikovane procedure u smislu da roditelji moraju oti\u0107i u mati\u010dne urede i prijavljivati dijete. Sve \u0107e se mo\u0107i de\u0161avati ovdje u Op\u0107oj bolnici\u201d, zaklju\u010dio je na\u010delnik Op\u0107ine Centar Mandi\u0107.<\/p>","protected":false},"excerpt":{"rendered":"<p>Koordinator za reformu javne uprave u BiH Dragan \u0106uzulan, direktor Op\u0107e bolnice &#8221;Prim. dr. Abdulah Naka\u0161&#8221; Ismet Gavrankapetanovi\u0107 i na\u010delnik Op\u0107ine Centar Sr\u0111an Mandi\u0107 potpisali su danas Memorandum o suradnji u svrhu realizacije projekta kojim se budu\u0107im roditeljima treba olak\u0161ati prijava beba bez odlaska u mati\u010dne urede. \u201cCijela procedura obavlja se tako \u0161to se mati\u010dni [&hellip;]<\/p>\n","protected":false},"author":3,"featured_media":19790,"comment_status":"open","ping_status":"open","sticky":false,"template":"","format":"standard","meta":[],"categories":[6],"tags":[73,84,85],"meta_box":[],"_links":{"self":[{"href":"https:\/\/parco.gov.ba\/hr\/wp-json\/wp\/v2\/posts\/19788"}],"collection":[{"href":"https:\/\/parco.gov.ba\/hr\/wp-json\/wp\/v2\/posts"}],"about":[{"href":"https:\/\/parco.gov.ba\/hr\/wp-json\/wp\/v2\/types\/post"}],"author":[{"embeddable":true,"href":"https:\/\/parco.gov.ba\/hr\/wp-json\/wp\/v2\/users\/3"}],"replies":[{"embeddable":true,"href":"https:\/\/parco.gov.ba\/hr\/wp-json\/wp\/v2\/comments?post=19788"}],"version-history":[{"count":7,"href":"https:\/\/parco.gov.ba\/hr\/wp-json\/wp\/v2\/posts\/19788\/revisions"}],"predecessor-version":[{"id":19796,"href":"https:\/\/parco.gov.ba\/hr\/wp-json\/wp\/v2\/posts\/19788\/revisions\/19796"}],"wp:featuredmedia":[{"embeddable":true,"href":"https:\/\/parco.gov.ba\/hr\/wp-json\/wp\/v2\/media\/19790"}],"wp:attachment":[{"href":"https:\/\/parco.gov.ba\/hr\/wp-json\/wp\/v2\/media?parent=19788"}],"wp:term":[{"taxonomy":"category","embeddable":true,"href":"https:\/\/parco.gov.ba\/hr\/wp-json\/wp\/v2\/categories?post=19788"},{"taxonomy":"post_tag","embeddable":true,"href":"https:\/\/parco.gov.ba\/hr\/wp-json\/wp\/v2\/tags?post=19788"}],"curies":[{"name":"wp","href":"https:\/\/api.w.org\/{rel}","templated":true}]}}