{"id":18076,"date":"2020-04-08T11:55:37","date_gmt":"2020-04-08T09:55:37","guid":{"rendered":"http:\/\/parco.gov.ba\/?p=18076"},"modified":"2020-05-11T10:49:45","modified_gmt":"2020-05-11T08:49:45","slug":"online-sastanak-koordinatora-za-reformu-javne-uprave","status":"publish","type":"post","link":"https:\/\/parco.gov.ba\/hr\/2020\/04\/08\/online-sastanak-koordinatora-za-reformu-javne-uprave\/","title":{"rendered":"Online sastanak koordinatora za reformu javne uprave"},"content":{"rendered":"<p>Dragan \u0106uzulan, dr\u017eavni koordinator za reformu javne uprave sa zamjenicima i saradnicima odr\u017eat \u0107e u ponedjeljak, 13. aprila 2020. godine, s po\u010detkom u 11 sati online sastanak sa koordinatorima za reformu javne uprave Federacije Bosne i Hercegovine, Republike Srpske i Br\u010dko distrikta Bosne i Hercegovine.<\/p>\n<p>Glavna tema sastanka bit \u0107e dogovor u vezi finalizacije Akcionog plana, prate\u0107eg dokumenta Strate\u0161kog okvira reforme javne uprave.<\/p>\n<p>Tako\u0111er, planirano je da na ovom sastanku uzmu u\u010de\u0161\u0107e i predstavnici Delegacije EU u BiH g. Krassimir Nikolov i g\u0111ica Heidi Hook, kao i predstavnici projekta tehni\u010dke podr\u0161ke g. Slobodan Duji\u0107, g. Nicolas Dubois i g\u0111a. Mersiha Habibovi\u0107.<\/p>","protected":false},"excerpt":{"rendered":"<p>Dragan \u0106uzulan, dr\u017eavni koordinator za reformu javne uprave sa zamjenicima i saradnicima odr\u017eat \u0107e u ponedjeljak, 13. aprila 2020. godine, s po\u010detkom u 11 sati online sastanak sa koordinatorima za reformu javne uprave Federacije Bosne i Hercegovine, Republike Srpske i Br\u010dko distrikta Bosne i Hercegovine. Glavna tema sastanka bit \u0107e dogovor u vezi finalizacije Akcionog [&hellip;]<\/p>\n","protected":false},"author":1,"featured_media":15525,"comment_status":"open","ping_status":"open","sticky":false,"template":"","format":"standard","meta":[],"categories":[6,8],"tags":[],"meta_box":[],"_links":{"self":[{"href":"https:\/\/parco.gov.ba\/hr\/wp-json\/wp\/v2\/posts\/18076"}],"collection":[{"href":"https:\/\/parco.gov.ba\/hr\/wp-json\/wp\/v2\/posts"}],"about":[{"href":"https:\/\/parco.gov.ba\/hr\/wp-json\/wp\/v2\/types\/post"}],"author":[{"embeddable":true,"href":"https:\/\/parco.gov.ba\/hr\/wp-json\/wp\/v2\/users\/1"}],"replies":[{"embeddable":true,"href":"https:\/\/parco.gov.ba\/hr\/wp-json\/wp\/v2\/comments?post=18076"}],"version-history":[{"count":2,"href":"https:\/\/parco.gov.ba\/hr\/wp-json\/wp\/v2\/posts\/18076\/revisions"}],"predecessor-version":[{"id":18122,"href":"https:\/\/parco.gov.ba\/hr\/wp-json\/wp\/v2\/posts\/18076\/revisions\/18122"}],"wp:featuredmedia":[{"embeddable":true,"href":"https:\/\/parco.gov.ba\/hr\/wp-json\/wp\/v2\/media\/15525"}],"wp:attachment":[{"href":"https:\/\/parco.gov.ba\/hr\/wp-json\/wp\/v2\/media?parent=18076"}],"wp:term":[{"taxonomy":"category","embeddable":true,"href":"https:\/\/parco.gov.ba\/hr\/wp-json\/wp\/v2\/categories?post=18076"},{"taxonomy":"post_tag","embeddable":true,"href":"https:\/\/parco.gov.ba\/hr\/wp-json\/wp\/v2\/tags?post=18076"}],"curies":[{"name":"wp","href":"https:\/\/api.w.org\/{rel}","templated":true}]}}