{"id":18012,"date":"2019-12-24T15:00:21","date_gmt":"2019-12-24T14:00:21","guid":{"rendered":"http:\/\/parco.gov.ba\/?p=18012"},"modified":"2019-12-24T15:03:32","modified_gmt":"2019-12-24T14:03:32","slug":"sjednica-nadzornog-tima-za-oblast-upravljanje-ljudskim-potencijalima-2","status":"publish","type":"post","link":"https:\/\/parco.gov.ba\/hr\/2019\/12\/24\/sjednica-nadzornog-tima-za-oblast-upravljanje-ljudskim-potencijalima-2\/","title":{"rendered":"Sjednica Nadzornog tima za oblast upravljanje ljudskim potencijalima"},"content":{"rendered":"<p>U prostorijama Agencije za dr\u017eavnu slu\u017ebu BiH u ponedjeljak (23.12.2019.godine) odr\u017eana je redovna sjednica Nadzornog tima za reformsku oblast Upravljanje ljudskim potencijalima.<\/p>\n<p>Sjednica je odr\u017eana uz prisustvo predstavnika implementatora projekta \u201eUnapre\u0111enje informacionog sistema u Agenciji za dr\u017eavnu slu\u017ebu Federacije BiH, Agenciji za dr\u017eavnu upravu Republike Srpske i Pododjeljenju za ljudske resurse Br\u010dko distrikta BiH\u201c, koji je zavr\u0161en 14.12.2019. godine.<\/p>\n<p>Uz informacije o stanju u ovoj reformskoj oblasti i teku\u0107im projektima, diskusija se vodila i o budu\u0107im potencijalnim aktivnostima i problemima u ovoj reformskoj oblasti. U tu svrhu sjednici su prisustvovali i predstavnici njema\u010dkog dru\u0161tva za me\u0111unarodnu saradnju GIZ, koji u BiH implementira Program ja\u010danja javnih institucija, koji su izvjestili \u010dlanove Nadzornog tima da u implementaciji Programa od juna 2019. godine u saradnji sa GIZ-om u\u010destvuje i Vlada Ujedinjenog Kraljevstva. Predstavnici GIZ-a su izvjestili o aktuelnim projektima i aktivnostima, ali i o aktivnostima koje se imaju raditi u narednom periodu.<\/p>\n<p>Nakon izlaganja, razgovaralo se raspravljalo se o teku\u0107im pitanjima. Uz to iznesen je i plan narednih aktivnosti.<\/p>","protected":false},"excerpt":{"rendered":"<p>U prostorijama Agencije za dr\u017eavnu slu\u017ebu BiH u ponedjeljak (23.12.2019.godine) odr\u017eana je redovna sjednica Nadzornog tima za reformsku oblast Upravljanje ljudskim potencijalima. Sjednica je odr\u017eana uz prisustvo predstavnika implementatora projekta \u201eUnapre\u0111enje informacionog sistema u Agenciji za dr\u017eavnu slu\u017ebu Federacije BiH, Agenciji za dr\u017eavnu upravu Republike Srpske i Pododjeljenju za ljudske resurse Br\u010dko distrikta BiH\u201c, koji [&hellip;]<\/p>\n","protected":false},"author":1,"featured_media":15525,"comment_status":"open","ping_status":"open","sticky":false,"template":"","format":"standard","meta":[],"categories":[6],"tags":[],"meta_box":[],"_links":{"self":[{"href":"https:\/\/parco.gov.ba\/hr\/wp-json\/wp\/v2\/posts\/18012"}],"collection":[{"href":"https:\/\/parco.gov.ba\/hr\/wp-json\/wp\/v2\/posts"}],"about":[{"href":"https:\/\/parco.gov.ba\/hr\/wp-json\/wp\/v2\/types\/post"}],"author":[{"embeddable":true,"href":"https:\/\/parco.gov.ba\/hr\/wp-json\/wp\/v2\/users\/1"}],"replies":[{"embeddable":true,"href":"https:\/\/parco.gov.ba\/hr\/wp-json\/wp\/v2\/comments?post=18012"}],"version-history":[{"count":2,"href":"https:\/\/parco.gov.ba\/hr\/wp-json\/wp\/v2\/posts\/18012\/revisions"}],"predecessor-version":[{"id":18014,"href":"https:\/\/parco.gov.ba\/hr\/wp-json\/wp\/v2\/posts\/18012\/revisions\/18014"}],"wp:featuredmedia":[{"embeddable":true,"href":"https:\/\/parco.gov.ba\/hr\/wp-json\/wp\/v2\/media\/15525"}],"wp:attachment":[{"href":"https:\/\/parco.gov.ba\/hr\/wp-json\/wp\/v2\/media?parent=18012"}],"wp:term":[{"taxonomy":"category","embeddable":true,"href":"https:\/\/parco.gov.ba\/hr\/wp-json\/wp\/v2\/categories?post=18012"},{"taxonomy":"post_tag","embeddable":true,"href":"https:\/\/parco.gov.ba\/hr\/wp-json\/wp\/v2\/tags?post=18012"}],"curies":[{"name":"wp","href":"https:\/\/api.w.org\/{rel}","templated":true}]}}