{"id":17810,"date":"2019-09-13T15:00:51","date_gmt":"2019-09-13T13:00:51","guid":{"rendered":"http:\/\/parco.gov.ba\/?p=17810"},"modified":"2019-09-16T11:15:40","modified_gmt":"2019-09-16T09:15:40","slug":"zavrsen-simpoziji-hrvatsko-francuski-upravnopravni-dani","status":"publish","type":"post","link":"https:\/\/parco.gov.ba\/hr\/2019\/09\/13\/zavrsen-simpoziji-hrvatsko-francuski-upravnopravni-dani\/","title":{"rendered":"Zavr\u0161en simpozij \u201cHrvatsko-francuski upravnopravni dani\u201c"},"content":{"rendered":"<p>U Splitu je danas zavr\u0161en dvodnevni simpozij \u201cHrvatsko-francuski upravnopravni dani\u201c.<\/p>\n<p>Drugog dana konferencije u\u010desnici su se bavili pitanjem upravnog postupka u europskom\u00a0 upravnom pravu i postojanje nu\u017ene potrebe \u0161to hitnijeg prilago\u0111avanja upravnih postupaka u \u010dlanicama EU ali i \u010dlanicama Vije\u0107a Evrope, a radi harmonizacije europskog prava i primjena odluka Europskog suda za ljudska prava u Strazburu.<\/p>\n<p>Konstatirano je da jo\u0161 uvijek traje proces uskla\u0111ivanja hrvatskog ali i francuskog javnog prava sa europskim javnim pravom. Apostrofirano je i pitanje upravno-sudske za\u0161tite stranaka. U tom kontekstu nagla\u0161ena je potreba edukacije i specijalizacije sudija koji rje\u0161avaju upravne sporove iz oblasti javne uprave. Posebno je nagla\u0161eno i diskutovano stanje neuskla\u0111enosti pravnih propisa dr\u017eava sa europskim vrijednostima, standardima i procedurama ali i veliki raskorak u primjeni europskog javnog prava u svakodnevnom \u017eivotu gra\u0111ana i privrednika.<\/p>\n<p>Korisna su bila izlaganja predstavnika iz Dr\u017eavnog savjeta Republike Francuske u aspektima: u\u010dinkovitosti javne uprave, kvaliteta usluga,digitalizacije, racionalizacije, profesionalizacije,e-usluga, ljudskih prava i uop\u0107e vladavine prava.<\/p>\n<p>Rezultat ovog simpozija je uspostava kontakata sa francuskim i hrvatskim u\u010desnicima te iskazana spremnost da se odre\u0111eni vidovi konkretne saradnje uspostave i sa dr\u017eavom Bosnom i Hercegovinom, odnosno Uredom koordinatora za reformu javne uprave.<\/p>\n<p>Simpozij su organizirali Sveu\u010dili\u0161te u Splitu, Pravni fakultet u Splitu, Sveu\u010dili\u0161te Panth\u00e9on Assas, Pariz II, Dr\u017eavni savjet Republike Francuske, Visoki upravni sud Republike Hrvatske, Centar za europsku dokumentaciju i istra\u017eivanja R. Schuman, uz potporu Ustavnog suda RH, Veleposlanstva Francuske Republike u Hrvatskoj, Splitsko-dalmatinske \u017eupanije i Grada Splita i pokroviteljstvo Ministarstva pravosu\u0111a Republike Hrvatske i Ministarstva uprave Republike Hrvatske.<\/p>","protected":false},"excerpt":{"rendered":"<p>U Splitu je danas zavr\u0161en dvodnevni simpozij \u201cHrvatsko-francuski upravnopravni dani\u201c. Drugog dana konferencije u\u010desnici su se bavili pitanjem upravnog postupka u europskom\u00a0 upravnom pravu i postojanje nu\u017ene potrebe \u0161to hitnijeg prilago\u0111avanja upravnih postupaka u \u010dlanicama EU ali i \u010dlanicama Vije\u0107a Evrope, a radi harmonizacije europskog prava i primjena odluka Europskog suda za ljudska prava u [&hellip;]<\/p>\n","protected":false},"author":1,"featured_media":17811,"comment_status":"open","ping_status":"open","sticky":false,"template":"","format":"standard","meta":[],"categories":[6],"tags":[],"meta_box":[],"_links":{"self":[{"href":"https:\/\/parco.gov.ba\/hr\/wp-json\/wp\/v2\/posts\/17810"}],"collection":[{"href":"https:\/\/parco.gov.ba\/hr\/wp-json\/wp\/v2\/posts"}],"about":[{"href":"https:\/\/parco.gov.ba\/hr\/wp-json\/wp\/v2\/types\/post"}],"author":[{"embeddable":true,"href":"https:\/\/parco.gov.ba\/hr\/wp-json\/wp\/v2\/users\/1"}],"replies":[{"embeddable":true,"href":"https:\/\/parco.gov.ba\/hr\/wp-json\/wp\/v2\/comments?post=17810"}],"version-history":[{"count":4,"href":"https:\/\/parco.gov.ba\/hr\/wp-json\/wp\/v2\/posts\/17810\/revisions"}],"predecessor-version":[{"id":17816,"href":"https:\/\/parco.gov.ba\/hr\/wp-json\/wp\/v2\/posts\/17810\/revisions\/17816"}],"wp:featuredmedia":[{"embeddable":true,"href":"https:\/\/parco.gov.ba\/hr\/wp-json\/wp\/v2\/media\/17811"}],"wp:attachment":[{"href":"https:\/\/parco.gov.ba\/hr\/wp-json\/wp\/v2\/media?parent=17810"}],"wp:term":[{"taxonomy":"category","embeddable":true,"href":"https:\/\/parco.gov.ba\/hr\/wp-json\/wp\/v2\/categories?post=17810"},{"taxonomy":"post_tag","embeddable":true,"href":"https:\/\/parco.gov.ba\/hr\/wp-json\/wp\/v2\/tags?post=17810"}],"curies":[{"name":"wp","href":"https:\/\/api.w.org\/{rel}","templated":true}]}}