{"id":1732,"date":"2016-07-15T10:00:00","date_gmt":"2016-07-15T10:00:00","guid":{"rendered":"http:\/\/dev.parco.gov.ba\/2016\/07\/15\/o-pripremnim-aktivnostima-na-izradi-nove-strategije-sa-predstavnicima-institucija\/"},"modified":"2016-09-11T20:32:57","modified_gmt":"2016-09-11T18:32:57","slug":"o-pripremnim-aktivnostima-na-izradi-nove-strategije-sa-predstavnicima-institucija","status":"publish","type":"post","link":"https:\/\/parco.gov.ba\/hr\/2016\/07\/15\/o-pripremnim-aktivnostima-na-izradi-nove-strategije-sa-predstavnicima-institucija\/","title":{"rendered":"O pripremnim aktivnostima na izradi nove strategije sa predstavnicima institucija"},"content":{"rendered":"<p><\/p>\n<p>Pripremni sastanaci sa predstavnicima institucija sa dr\u017eavnog nivoa, Republike Srpske, Federacije BiH i Br\u010dko distrikta BiH koji \u0107e biti uklju\u010deni u proces izrade nove strategije reforme javne uprave odr\u017eani su u ove sedmice u Banja Luci i Sarajevu. <\/p>\n<p>Sastanci su organizovani sa\u00a0 namjerom da\u00a0 se razmjene informacije o provedenim aktivnostima na pripremi\u00a0 strate\u0161kog okvira,\u00a0 te \u010dlanovi radnih grupa upoznaja sa ulogama i odgovornostim u ovom procesu, te\u00a0 podijele informacije\u00a0 o na\u010dinu i dinamici rada\u00a0 koja se planira\u00a0 u\u00a0 nastavku.\u00a0 Poseban\u00a0\u00a0 dio sastanka\u00a0 je bio posve\u0107en\u00a0\u00a0 kori\u0161tenju alata za odre\u0111ivanje prioriteta za razvoj novog strate\u0161kog okvira RJU (tzv. SIGMA upitnik) koji\u00a0 su razvili eksperti SIGMA\/OECD i\u00a0\u00a0 \u010dija\u00a0 primjena\u00a0 bi trebala\u00a0 podr\u017eati rad \u010dlanova radnih grupa u izradi novog strate\u0161kog okvira. <\/p>\n<p>Dragan \u0106uzulan, koordinator za reformu javne uprave u svom uvodnom obra\u0107anju podsjetio je da su vlade na \u010detiri upravna nivoa podr\u017eale nastavak procesa reforme javne uprave te da je u prethodnom periodu \u201eizra\u0111en i sa koordinatorima usagla\u0161en Operativni plan za pripremu Strate\u0161kog okvira za reformu javne uprave u BiH\u00a0 uz podr\u0161ku\u00a0 OECD\/SIGMA u njegovom razvoju\u201c. <\/p>\n<p>\u201eOperativni plan nudi cjelovit pristup izradi nove Strategije i Akcionog plana za reformu javne uprave kroz me\u0111uvladine radno-konsultativne strukture \u010detiri upravna nivoa koje \u0107e razvijati, usagla\u0161avati i utvr\u0111ivati finalni prijedlog Strate\u0161kog okvira RJU\u201c, kazao je \u0106uzulan. <\/p>\n<p>Tako\u0111er, \u0106uzulan je dodao da je u proteklom periodu Ured koordinatora odr\u017eao nekoliko sastanaka sa koordinatorima sa nivoa FBiH, Br\u010dko distrikta BiH i Republike Srpske, kao i sa predstavnicima donatorske zajednice.\u00a0 Prema njegovim rije\u010dima, osigurana je kratkoro\u010dna, stru\u010dno tehni\u010dku podr\u0161ku pripremi izrade Strate\u0161kog okvira RJU te se trenutno vode aktivnosti na obezbje\u0111enju obuhvatnije podr\u0161ke cijelom procesu do njegovog okon\u010danja, kroz saradnju sa Ambasadom Velike Britanije u BiH , GIZ SPI\u00a0 i drugim donatorima koji budu\u00a0 zainteresovani da podr\u017ee ovaj proces. <\/p>\n<p><\/p>","protected":false},"excerpt":{"rendered":"<p>Pripremni sastanaci sa predstavnicima institucija sa dr\u017eavnog nivoa, Republike Srpske, Federacije BiH i Br\u010dko distrikta BiH koji \u0107e biti uklju\u010deni u proces izrade nove strategije reforme javne uprave odr\u017eani su u ove sedmice u Banja Luci i Sarajevu. Sastanci su organizovani sa\u00a0 namjerom da\u00a0 se razmjene informacije o provedenim aktivnostima na pripremi\u00a0 strate\u0161kog okvira,\u00a0 te [&hellip;]<\/p>\n","protected":false},"author":1,"featured_media":1733,"comment_status":"closed","ping_status":"open","sticky":false,"template":"","format":"standard","meta":[],"categories":[6],"tags":[],"meta_box":[],"_links":{"self":[{"href":"https:\/\/parco.gov.ba\/hr\/wp-json\/wp\/v2\/posts\/1732"}],"collection":[{"href":"https:\/\/parco.gov.ba\/hr\/wp-json\/wp\/v2\/posts"}],"about":[{"href":"https:\/\/parco.gov.ba\/hr\/wp-json\/wp\/v2\/types\/post"}],"author":[{"embeddable":true,"href":"https:\/\/parco.gov.ba\/hr\/wp-json\/wp\/v2\/users\/1"}],"replies":[{"embeddable":true,"href":"https:\/\/parco.gov.ba\/hr\/wp-json\/wp\/v2\/comments?post=1732"}],"version-history":[{"count":2,"href":"https:\/\/parco.gov.ba\/hr\/wp-json\/wp\/v2\/posts\/1732\/revisions"}],"predecessor-version":[{"id":14431,"href":"https:\/\/parco.gov.ba\/hr\/wp-json\/wp\/v2\/posts\/1732\/revisions\/14431"}],"wp:featuredmedia":[{"embeddable":true,"href":"https:\/\/parco.gov.ba\/hr\/wp-json\/wp\/v2\/media\/1733"}],"wp:attachment":[{"href":"https:\/\/parco.gov.ba\/hr\/wp-json\/wp\/v2\/media?parent=1732"}],"wp:term":[{"taxonomy":"category","embeddable":true,"href":"https:\/\/parco.gov.ba\/hr\/wp-json\/wp\/v2\/categories?post=1732"},{"taxonomy":"post_tag","embeddable":true,"href":"https:\/\/parco.gov.ba\/hr\/wp-json\/wp\/v2\/tags?post=1732"}],"curies":[{"name":"wp","href":"https:\/\/api.w.org\/{rel}","templated":true}]}}