{"id":16013,"date":"2018-03-28T14:12:51","date_gmt":"2018-03-28T12:12:51","guid":{"rendered":"http:\/\/parco.gov.ba\/?p=16013"},"modified":"2018-03-28T14:16:07","modified_gmt":"2018-03-28T12:16:07","slug":"sutra-o-strateskom-okviru-za-reformu-javne-uprave-za-2017-2022","status":"publish","type":"post","link":"https:\/\/parco.gov.ba\/hr\/2018\/03\/28\/sutra-o-strateskom-okviru-za-reformu-javne-uprave-za-2017-2022\/","title":{"rendered":"Sutra o Strate\u0161kom okviru za reformu javne uprave za 2017.-2022."},"content":{"rendered":"<p>Sastanak predstavnika Zajedni\u010dke radne grupe za izradu Strate\u0161kog okvira za reformu javne uprave za period 2017. \u2013 2022. bit \u0107e odr\u017ean sutra u Tesli\u0107u.<\/p>\n<p>Na ovom sastanku planirano je usagla\u0161avanje \u0161estog dora\u0111enog nacrta Strate\u0161kog okvira za reformu javne uprave.<\/p>\n<p>Podr\u0161ku procesu reforme javne uprave pru\u017eilo je Njema\u010dko dru\u0161tvo za me\u0111unarodnu saradnju GIZ kroz Program ja\u010danja javnih institucija.<\/p>\n<p>&nbsp;<\/p>","protected":false},"excerpt":{"rendered":"<p>Sastanak predstavnika Zajedni\u010dke radne grupe za izradu Strate\u0161kog okvira za reformu javne uprave za period 2017. \u2013 2022. bit \u0107e odr\u017ean sutra u Tesli\u0107u. Na ovom sastanku planirano je usagla\u0161avanje \u0161estog dora\u0111enog nacrta Strate\u0161kog okvira za reformu javne uprave. Podr\u0161ku procesu reforme javne uprave pru\u017eilo je Njema\u010dko dru\u0161tvo za me\u0111unarodnu saradnju GIZ kroz Program ja\u010danja [&hellip;]<\/p>\n","protected":false},"author":1,"featured_media":15448,"comment_status":"open","ping_status":"open","sticky":false,"template":"","format":"standard","meta":[],"categories":[6,8],"tags":[],"meta_box":[],"_links":{"self":[{"href":"https:\/\/parco.gov.ba\/hr\/wp-json\/wp\/v2\/posts\/16013"}],"collection":[{"href":"https:\/\/parco.gov.ba\/hr\/wp-json\/wp\/v2\/posts"}],"about":[{"href":"https:\/\/parco.gov.ba\/hr\/wp-json\/wp\/v2\/types\/post"}],"author":[{"embeddable":true,"href":"https:\/\/parco.gov.ba\/hr\/wp-json\/wp\/v2\/users\/1"}],"replies":[{"embeddable":true,"href":"https:\/\/parco.gov.ba\/hr\/wp-json\/wp\/v2\/comments?post=16013"}],"version-history":[{"count":3,"href":"https:\/\/parco.gov.ba\/hr\/wp-json\/wp\/v2\/posts\/16013\/revisions"}],"predecessor-version":[{"id":16016,"href":"https:\/\/parco.gov.ba\/hr\/wp-json\/wp\/v2\/posts\/16013\/revisions\/16016"}],"wp:featuredmedia":[{"embeddable":true,"href":"https:\/\/parco.gov.ba\/hr\/wp-json\/wp\/v2\/media\/15448"}],"wp:attachment":[{"href":"https:\/\/parco.gov.ba\/hr\/wp-json\/wp\/v2\/media?parent=16013"}],"wp:term":[{"taxonomy":"category","embeddable":true,"href":"https:\/\/parco.gov.ba\/hr\/wp-json\/wp\/v2\/categories?post=16013"},{"taxonomy":"post_tag","embeddable":true,"href":"https:\/\/parco.gov.ba\/hr\/wp-json\/wp\/v2\/tags?post=16013"}],"curies":[{"name":"wp","href":"https:\/\/api.w.org\/{rel}","templated":true}]}}